{"id":4093,"date":"2025-06-22T10:04:43","date_gmt":"2025-06-22T08:04:43","guid":{"rendered":"https:\/\/www.elfrago.org\/?p=4093"},"modified":"2025-07-13T17:37:06","modified_gmt":"2025-07-13T15:37:06","slug":"piscinas-2025","status":"publish","type":"post","link":"https:\/\/www.elfrago.org\/index.php\/2025\/06\/22\/piscinas-2025\/","title":{"rendered":"APERTURA DE LAS PISCINAS MUNICIPALES \u2013 VERANO 2025"},"content":{"rendered":"\t\t<div data-elementor-type=\"wp-post\" data-elementor-id=\"4093\" class=\"elementor elementor-4093\" data-elementor-post-type=\"post\">\n\t\t\t\t\t\t\t\t\t<section class=\"elementor-section elementor-top-section elementor-element elementor-element-f67986c elementor-section-boxed elementor-section-height-default elementor-section-height-default\" data-id=\"f67986c\" data-element_type=\"section\">\n\t\t\t\t\t\t<div class=\"elementor-container elementor-column-gap-default\">\n\t\t\t\t\t<div class=\"elementor-column elementor-col-100 elementor-top-column elementor-element elementor-element-f4b8a7f\" data-id=\"f4b8a7f\" data-element_type=\"column\">\n\t\t\t<div class=\"elementor-widget-wrap elementor-element-populated\">\n\t\t\t\t\t\t\t\t<div class=\"elementor-element elementor-element-b898108 elementor-widget elementor-widget-text-editor\" data-id=\"b898108\" data-element_type=\"widget\" data-widget_type=\"text-editor.default\">\n\t\t\t\t<div class=\"elementor-widget-container\">\n\t\t\t<style>\/*! elementor - v3.14.0 - 26-06-2023 *\/\n.elementor-widget-text-editor.elementor-drop-cap-view-stacked .elementor-drop-cap{background-color:#69727d;color:#fff}.elementor-widget-text-editor.elementor-drop-cap-view-framed .elementor-drop-cap{color:#69727d;border:3px solid;background-color:transparent}.elementor-widget-text-editor:not(.elementor-drop-cap-view-default) .elementor-drop-cap{margin-top:8px}.elementor-widget-text-editor:not(.elementor-drop-cap-view-default) .elementor-drop-cap-letter{width:1em;height:1em}.elementor-widget-text-editor .elementor-drop-cap{float:left;text-align:center;line-height:1;font-size:50px}.elementor-widget-text-editor .elementor-drop-cap-letter{display:inline-block}<\/style>\t\t\t\t<p data-start=\"214\" data-end=\"437\">21\/06\/2025<\/p><p data-start=\"214\" data-end=\"437\">Nos alegra informaros que las piscinas municipales de El Frago <strong data-start=\"277\" data-end=\"344\">ya han abierto sus puertas este fin de semana, 21 y 22 de junio<\/strong>, y permanecer\u00e1n abiertas hasta el 31 de agosto, con los siguientes <strong data-start=\"412\" data-end=\"436\">horarios de apertura<\/strong>:<\/p><p data-start=\"439\" data-end=\"479\"><img decoding=\"async\" class=\"emoji\" role=\"img\" draggable=\"false\" src=\"https:\/\/s.w.org\/images\/core\/emoji\/14.0.0\/svg\/1f539.svg\" alt=\"\ud83d\udd39\" \/> <strong data-start=\"442\" data-end=\"477\">Del 21 de junio al 17 de agosto:<\/strong><\/p><ul data-start=\"480\" data-end=\"569\"><li data-start=\"480\" data-end=\"525\"><p data-start=\"482\" data-end=\"525\">De lunes a jueves: de 15:30 h a 21:00 h<\/p><\/li><li data-start=\"480\" data-end=\"525\"><p data-start=\"482\" data-end=\"525\">Viernes: de 11:00 h a 21:00 h<\/p><\/li><li data-start=\"526\" data-end=\"569\"><p data-start=\"528\" data-end=\"569\">S\u00e1bados y domingos: de 09:00 h a 21:00 h<\/p><\/li><\/ul><p data-start=\"571\" data-end=\"603\"><img decoding=\"async\" class=\"emoji\" role=\"img\" draggable=\"false\" src=\"https:\/\/s.w.org\/images\/core\/emoji\/14.0.0\/svg\/1f539.svg\" alt=\"\ud83d\udd39\" \/> <strong data-start=\"574\" data-end=\"601\">Del 18 al 31 de agosto:<\/strong><\/p><ul data-start=\"604\" data-end=\"643\"><li data-start=\"604\" data-end=\"643\"><p data-start=\"606\" data-end=\"643\">Todos los d\u00edas: de 09:00 h a 21:00 h.<\/p><\/li><\/ul><p data-start=\"645\" data-end=\"713\"><strong data-start=\"648\" data-end=\"690\">Venta de bonos y\/o entradas puntuales:<\/strong><br data-start=\"690\" data-end=\"693\" \/>Podr\u00e1n adquirirse:<\/p><ul data-start=\"714\" data-end=\"819\"><li data-start=\"714\" data-end=\"744\"><p data-start=\"716\" data-end=\"744\">En el bar de las piscinas<\/p><\/li><li data-start=\"745\" data-end=\"819\"><p data-start=\"747\" data-end=\"819\">Presencialmente en el Ayuntamiento, los <strong data-start=\"787\" data-end=\"818\">mi\u00e9rcoles de 9:00 a 13:30 h<\/strong><\/p><\/li><\/ul><p data-start=\"821\" data-end=\"1222\"><strong data-start=\"824\" data-end=\"848\">Bar de las piscinas:<\/strong><br data-start=\"848\" data-end=\"851\" \/>El bar tendr\u00e1 el mismo horario que las piscinas durante toda la temporada y <strong data-start=\"927\" data-end=\"995\">permanecer\u00e1 abierto tambi\u00e9n los d\u00edas 6, 7, 13 y 14 de septiembre<\/strong>, aunque en esas fechas la piscina ya estar\u00e1 cerrada. El horario ser\u00e1 igualmente de <strong data-start=\"1079\" data-end=\"1100\">09:00 h a 21:00 h<\/strong>.<br data-start=\"1101\" data-end=\"1104\" \/>M\u00e1s informaci\u00f3n en: <a class=\"\" href=\"https:\/\/www.elfrago.org\/index.php\/bar-piscinas\/\" target=\"_new\" rel=\"noopener\" data-start=\"1124\" data-end=\"1222\">https:\/\/www.elfrago.org\/index.php\/bar-piscinas\/<\/a><\/p><p data-start=\"1224\" data-end=\"1384\"><strong data-start=\"1227\" data-end=\"1245\">Normas de uso:<\/strong><br data-start=\"1245\" data-end=\"1248\" \/>Se ruega a todas las personas usuarias respetar las instrucciones de uso y seguridad que se indican en las propias instalaciones.<\/p><p data-start=\"1386\" data-end=\"1501\">Para cualquier consulta, pod\u00e9is contactar con el Ayuntamiento de El Frago de lunes a viernes, de 8:00 a 14:30 h en el tel\u00e9fono 976 689 412.<\/p><p data-start=\"1503\" data-end=\"1547\">\u00a1Os deseamos un verano refrescante y seguro!<\/p>\t\t\t\t\t\t<\/div>\n\t\t\t\t<\/div>\n\t\t\t\t\t<\/div>\n\t\t<\/div>\n\t\t\t\t\t\t\t<\/div>\n\t\t<\/section>\n\t\t\t\t\t\t\t<\/div>\n\t\t","protected":false},"excerpt":{"rendered":"<p>21\/06\/2025 Nos alegra informaros que las piscinas municipales de El Frago ya han abierto sus puertas este fin de semana, 21 y 22 de junio, y permanecer\u00e1n abiertas hasta el 31 de agosto, con los siguientes horarios de apertura: Del 21 de junio al 17 de agosto: De lunes a jueves: de 15:30 h a &hellip;<\/p>\n<p class=\"read-more\"> <a class=\"\" href=\"https:\/\/www.elfrago.org\/index.php\/2025\/06\/22\/piscinas-2025\/\"> <span class=\"screen-reader-text\">APERTURA DE LAS PISCINAS MUNICIPALES \u2013 VERANO 2025<\/span> Leer m\u00e1s &raquo;<\/a><\/p>\n","protected":false},"author":4,"featured_media":4104,"comment_status":"closed","ping_status":"closed","sticky":false,"template":"","format":"standard","meta":{"site-sidebar-layout":"default","site-content-layout":"default","ast-global-header-display":"","ast-main-header-display":"","ast-hfb-above-header-display":"","ast-hfb-below-header-display":"","ast-hfb-mobile-header-display":"","site-post-title":"","ast-breadcrumbs-content":"","ast-featured-img":"","footer-sml-layout":"","theme-transparent-header-meta":"default","adv-header-id-meta":"","stick-header-meta":"","header-above-stick-meta":"","header-main-stick-meta":"","header-below-stick-meta":""},"categories":[4],"tags":[],"_links":{"self":[{"href":"https:\/\/www.elfrago.org\/index.php\/wp-json\/wp\/v2\/posts\/4093"}],"collection":[{"href":"https:\/\/www.elfrago.org\/index.php\/wp-json\/wp\/v2\/posts"}],"about":[{"href":"https:\/\/www.elfrago.org\/index.php\/wp-json\/wp\/v2\/types\/post"}],"author":[{"embeddable":true,"href":"https:\/\/www.elfrago.org\/index.php\/wp-json\/wp\/v2\/users\/4"}],"replies":[{"embeddable":true,"href":"https:\/\/www.elfrago.org\/index.php\/wp-json\/wp\/v2\/comments?post=4093"}],"version-history":[{"count":39,"href":"https:\/\/www.elfrago.org\/index.php\/wp-json\/wp\/v2\/posts\/4093\/revisions"}],"predecessor-version":[{"id":4171,"href":"https:\/\/www.elfrago.org\/index.php\/wp-json\/wp\/v2\/posts\/4093\/revisions\/4171"}],"wp:featuredmedia":[{"embeddable":true,"href":"https:\/\/www.elfrago.org\/index.php\/wp-json\/wp\/v2\/media\/4104"}],"wp:attachment":[{"href":"https:\/\/www.elfrago.org\/index.php\/wp-json\/wp\/v2\/media?parent=4093"}],"wp:term":[{"taxonomy":"category","embeddable":true,"href":"https:\/\/www.elfrago.org\/index.php\/wp-json\/wp\/v2\/categories?post=4093"},{"taxonomy":"post_tag","embeddable":true,"href":"https:\/\/www.elfrago.org\/index.php\/wp-json\/wp\/v2\/tags?post=4093"}],"curies":[{"name":"wp","href":"https:\/\/api.w.org\/{rel}","templated":true}]}}