{"id":3689,"date":"2024-09-22T21:53:53","date_gmt":"2024-09-22T19:53:53","guid":{"rendered":"https:\/\/www.elfrago.org\/?p=3689"},"modified":"2024-10-26T10:19:57","modified_gmt":"2024-10-26T08:19:57","slug":"hija-predilecta-el-frago","status":"publish","type":"post","link":"https:\/\/www.elfrago.org\/index.php\/2024\/09\/22\/hija-predilecta-el-frago\/","title":{"rendered":"Carmen Romeo Pem\u00e1n, nombrada Hija Predilecta de El Frago"},"content":{"rendered":"\t\t<div data-elementor-type=\"wp-post\" data-elementor-id=\"3689\" class=\"elementor elementor-3689\" data-elementor-post-type=\"post\">\n\t\t\t\t\t\t\t\t\t<section class=\"elementor-section elementor-top-section elementor-element elementor-element-f67986c elementor-section-boxed elementor-section-height-default elementor-section-height-default\" data-id=\"f67986c\" data-element_type=\"section\">\n\t\t\t\t\t\t<div class=\"elementor-container elementor-column-gap-default\">\n\t\t\t\t\t<div class=\"elementor-column elementor-col-100 elementor-top-column elementor-element elementor-element-f4b8a7f\" data-id=\"f4b8a7f\" data-element_type=\"column\">\n\t\t\t<div class=\"elementor-widget-wrap elementor-element-populated\">\n\t\t\t\t\t\t\t\t<div class=\"elementor-element elementor-element-efb3514 elementor-widget elementor-widget-text-editor\" data-id=\"efb3514\" data-element_type=\"widget\" data-widget_type=\"text-editor.default\">\n\t\t\t\t<div class=\"elementor-widget-container\">\n\t\t\t<style>\/*! elementor - v3.14.0 - 26-06-2023 *\/\n.elementor-widget-text-editor.elementor-drop-cap-view-stacked .elementor-drop-cap{background-color:#69727d;color:#fff}.elementor-widget-text-editor.elementor-drop-cap-view-framed .elementor-drop-cap{color:#69727d;border:3px solid;background-color:transparent}.elementor-widget-text-editor:not(.elementor-drop-cap-view-default) .elementor-drop-cap{margin-top:8px}.elementor-widget-text-editor:not(.elementor-drop-cap-view-default) .elementor-drop-cap-letter{width:1em;height:1em}.elementor-widget-text-editor .elementor-drop-cap{float:left;text-align:center;line-height:1;font-size:50px}.elementor-widget-text-editor .elementor-drop-cap-letter{display:inline-block}<\/style>\t\t\t\t<p><span lang=\"ES\">22\/09\/24<\/span><\/p><h3><span style=\"font-size: 15px; font-style: inherit; font-weight: inherit; color: var( --e-global-color-text ); font-family: var( --e-global-typography-text-font-family ), Sans-serif; background-color: var(--ast-global-color-5);\">El pasado <\/span><strong style=\"font-size: 15px; font-style: inherit; color: var( --e-global-color-text ); font-family: var( --e-global-typography-text-font-family ), Sans-serif; background-color: var(--ast-global-color-5);\">20 de septiembre de 2024<\/strong><span style=\"font-size: 15px; font-style: inherit; font-weight: inherit; color: var( --e-global-color-text ); font-family: var( --e-global-typography-text-font-family ), Sans-serif; background-color: var(--ast-global-color-5);\">, el <\/span><strong style=\"font-size: 15px; font-style: inherit; color: var( --e-global-color-text ); font-family: var( --e-global-typography-text-font-family ), Sans-serif; background-color: var(--ast-global-color-5);\">Ayuntamiento de El Frago<\/strong><span style=\"font-size: 15px; font-style: inherit; font-weight: inherit; color: var( --e-global-color-text ); font-family: var( --e-global-typography-text-font-family ), Sans-serif; background-color: var(--ast-global-color-5);\"> aprob\u00f3 en pleno ordinario la <\/span><strong style=\"font-size: 15px; font-style: inherit; color: var( --e-global-color-text ); font-family: var( --e-global-typography-text-font-family ), Sans-serif; background-color: var(--ast-global-color-5);\">concesi\u00f3n del t\u00edtulo de Hija Predilecta<\/strong><span style=\"font-size: 15px; font-style: inherit; font-weight: inherit; color: var( --e-global-color-text ); font-family: var( --e-global-typography-text-font-family ), Sans-serif; background-color: var(--ast-global-color-5);\"> a <\/span><strong style=\"font-size: 15px; font-style: inherit; color: var( --e-global-color-text ); font-family: var( --e-global-typography-text-font-family ), Sans-serif; background-color: var(--ast-global-color-5);\">Carmen Romeo Pem\u00e1n<\/strong><span style=\"font-size: 15px; font-style: inherit; font-weight: inherit; color: var( --e-global-color-text ); font-family: var( --e-global-typography-text-font-family ), Sans-serif; background-color: var(--ast-global-color-5);\">, en reconocimiento a su excepcional trayectoria profesional y su compromiso con la historia y cultura de nuestro municipio. El <\/span><span style=\"font-size: 15px; font-style: inherit; color: var( --e-global-color-text ); font-family: var( --e-global-typography-text-font-family ), Sans-serif; background-color: var(--ast-global-color-5);\"><b>acto solemne de entrega del t\u00edtulo tendr\u00e1 lugar el<\/b><\/span><span style=\"font-size: 15px; font-style: inherit; color: var( --e-global-color-text ); font-family: var( --e-global-typography-text-font-family ), Sans-serif; background-color: var(--ast-global-color-5);\"><b> s\u00e1bado 2 de noviembre a las 12h en el Fosal<\/b><\/span><span style=\"font-size: 15px; font-style: inherit; font-weight: inherit; color: var( --e-global-color-text ); font-family: var( --e-global-typography-text-font-family ), Sans-serif; background-color: var(--ast-global-color-5);\">. Ser\u00e1, sin duda, un momento de gran importancia para nuestra comunidad.<\/span><\/h3><h4>\u00bf<b>Qu\u00e9 significa el reconocimiento de &#8220;Hija Predilecta&#8221;?<\/b><\/h4><p>El t\u00edtulo de <strong>Hija Predilecta<\/strong> es una de las m\u00e1s altas distinciones que un municipio puede otorgar a una persona nacida en su localidad. Este reconocimiento se concede a aquellos vecinos y vecinas que, a lo largo de su vida, han realizado contribuciones extraordinarias en \u00e1mbitos culturales, sociales, cient\u00edficos, o de cualquier otra \u00edndole, y que han llevado el nombre de su pueblo m\u00e1s all\u00e1 de sus fronteras.<\/p><p>Recibir el t\u00edtulo de Hijo o Hija Predilecta significa que la comunidad reconoce, valora y agradece el impacto positivo que la persona ha tenido tanto en el municipio como en otras regiones. El homenaje implica un agradecimiento colectivo, destacando la importancia de su trabajo y el orgullo que representa para todos los habitantes.<\/p><p>Y esto es precisamente lo que sentimos por Carmen: <b>agradecimiento, orgullo y reconocimiento.<\/b><\/p><h4>\u00bf<b>Por qu\u00e9 se concede el t\u00edtulo de Hija Predilecta a Carmen Romeo Pem\u00e1n?<\/b><\/h4><p><strong>Carmen Romeo Pem\u00e1n<\/strong> (El Frago, 1948) ha sido una figura fundamental en la promoci\u00f3n de la cultura y la memoria hist\u00f3rica de El Frago. Nacida en nuestro pueblo, fue alumna de la escuela local hasta los 13 a\u00f1os, y desde entonces, ha dedicado su vida a la educaci\u00f3n y la literatura. Carmen es catedr\u00e1tica de Lengua y Literatura, maestra de Primera Ense\u00f1anza y licenciada en Lenguas Rom\u00e1nicas. A lo largo de su trayectoria profesional, ha ejercido como profesora en diversas instituciones de prestigio, incluidas la <strong>Universidad de Zaragoza<\/strong> y el <strong>Instituto Goya de Zaragoza<\/strong>.<\/p><p>Entre sus logros acad\u00e9micos m\u00e1s destacados est\u00e1 la publicaci\u00f3n de numerosos trabajos pedag\u00f3gicos y literarios. En <strong>1977<\/strong>, recibi\u00f3 el <strong>premio Bernardo Zapater Marconell<\/strong> por su investigaci\u00f3n sobre los &#8220;Mayos de la Sierra de Albarrac\u00edn&#8221;, y en <strong>2014<\/strong> obtuvo el <strong>premio H\u00e9lveticas<\/strong> por su relato \u201cDe la roca nacida\u201d, de la serie de relatos \u201cLas fragolinas de mis ayeres\u201d, que rinde homenaje a El Frago.<\/p><p>En <strong>2014<\/strong>, el Centro de Estudios de las Cinco Villas, en colaboraci\u00f3n con la Instituci\u00f3n Fernando el Cat\u00f3lico, public\u00f3 su libro <em><b>De las Escuelas de El Frago<\/b><\/em>. M\u00e1s adelante, en <strong>2021<\/strong>, public\u00f3 <em><b>De la roca nacidas<\/b><\/em>, un libro de relatos acompa\u00f1ado de acuarelas de <strong>Mar\u00eda Aguirre Romeo<\/strong>. En <strong>2023<\/strong>, el Ayuntamiento de El Frago apoy\u00f3 la publicaci\u00f3n de su novela <em><b>El Frago 1901. Por ense\u00f1ar a las ni\u00f1as<\/b><\/em>, cuyos beneficios fueron destinados \u00edntegramente a la escuela local. Este gesto refleja su compromiso no solo con la educaci\u00f3n, sino tambi\u00e9n con el futuro de nuestra comunidad.<\/p><p>Adem\u00e1s, Carmen ha sido una firme defensora de los derechos de las mujeres y ha destacado por su participaci\u00f3n en diversos proyectos educativos y de investigaci\u00f3n a nivel nacional e internacional. Su labor ha alcanzado a <strong>miles de lectores en todo el mundo<\/strong>, consolid\u00e1ndola como una figura clave en la literatura y la historia aragonesa.<\/p><h4><b>\u00bfQu\u00e9 supone este reconocimiento para El Frago?<\/b><\/h4><p>Para El Frago, otorgar este t\u00edtulo a <strong>Carmen Romeo Pem\u00e1n<\/strong> es una forma de celebrar su legado y agradecerle su constante dedicaci\u00f3n a la conservaci\u00f3n de la memoria de nuestro pueblo. A trav\u00e9s de sus publicaciones y su trabajo, ha dado visibilidad a nuestras tradiciones, nuestras ra\u00edces y nuestra historia, transmiti\u00e9ndolas a generaciones futuras y llev\u00e1ndolas m\u00e1s all\u00e1 de nuestras fronteras.<\/p><h4><b>El legado de Carmen Romeo Pem\u00e1n<\/b><\/h4><p>A lo largo de su vida, Carmen ha contribuido de manera significativa a la preservaci\u00f3n de la <strong>cultura aragonesa<\/strong> y, en particular, a la memoria de <strong>El Frago<\/strong>. Desde sus investigaciones sobre la toponimia local hasta sus escritos sobre las primeras maestras y concejalas en Arag\u00f3n, Carmen ha dejado una huella indeleble en la historia de nuestra regi\u00f3n.<\/p><p>Su blog,\u00a0<a href=\"https:\/\/letrasdesdemocade.com\/\" target=\"_blank\" rel=\"noopener\">Letras desde Mocade<\/a>, en colaboraci\u00f3n con otras escritoras, es un espacio donde ha publicado casi 200 entradas, incluyendo biograf\u00edas de mujeres que marcaron la historia de Espa\u00f1a. Adem\u00e1s, colabora regularmente en revistas culturales y digitales como <em>Masticadores<\/em> y <em>Picarazones<\/em>, la revista cultural de El Frago, donde se le dedicaron las p\u00e1ginas centrales en el n\u00famero de 2023.<\/p><p>A trav\u00e9s de su compromiso con la educaci\u00f3n, la investigaci\u00f3n y la cultura, Carmen Romeo Pem\u00e1n ha demostrado ser una verdadera <strong>embajadora de El Frago<\/strong> ante el mundo, llevando nuestras historias, costumbres y valores a todas partes.<\/p><p>\u00a1<b>Muchas gracias, Carmen, por llevar el nombre de El Frago a lo m\u00e1s alto!<\/b><\/p>\t\t\t\t\t\t<\/div>\n\t\t\t\t<\/div>\n\t\t\t\t\t<\/div>\n\t\t<\/div>\n\t\t\t\t\t\t\t<\/div>\n\t\t<\/section>\n\t\t\t\t<section class=\"elementor-section elementor-top-section elementor-element elementor-element-d96e427 elementor-section-boxed elementor-section-height-default elementor-section-height-default\" data-id=\"d96e427\" data-element_type=\"section\">\n\t\t\t\t\t\t<div class=\"elementor-container elementor-column-gap-default\">\n\t\t\t\t\t<div class=\"elementor-column elementor-col-25 elementor-top-column elementor-element elementor-element-2d5c540\" data-id=\"2d5c540\" data-element_type=\"column\">\n\t\t\t<div class=\"elementor-widget-wrap\">\n\t\t\t\t\t\t\t\t\t<\/div>\n\t\t<\/div>\n\t\t\t\t<div class=\"elementor-column elementor-col-50 elementor-top-column elementor-element elementor-element-c2abfc5\" data-id=\"c2abfc5\" data-element_type=\"column\">\n\t\t\t<div class=\"elementor-widget-wrap elementor-element-populated\">\n\t\t\t\t\t\t\t\t<div class=\"elementor-element elementor-element-2083b29 elementor-widget elementor-widget-image\" data-id=\"2083b29\" data-element_type=\"widget\" data-widget_type=\"image.default\">\n\t\t\t\t<div class=\"elementor-widget-container\">\n\t\t\t<style>\/*! elementor - v3.14.0 - 26-06-2023 *\/\n.elementor-widget-image{text-align:center}.elementor-widget-image a{display:inline-block}.elementor-widget-image a img[src$=\".svg\"]{width:48px}.elementor-widget-image img{vertical-align:middle;display:inline-block}<\/style>\t\t\t\t\t\t\t\t\t\t\t\t<img decoding=\"async\" width=\"1024\" height=\"1024\" src=\"https:\/\/www.elfrago.org\/wp-content\/uploads\/2024\/10\/HOmenaje-Carmen-Romeo-Peman-1024x1024.jpg\" class=\"attachment-large size-large wp-image-3817\" alt=\"Homenaje Carmen Romeo Pem\u00e1n\" loading=\"lazy\" srcset=\"https:\/\/www.elfrago.org\/wp-content\/uploads\/2024\/10\/HOmenaje-Carmen-Romeo-Peman-1024x1024.jpg 1024w, https:\/\/www.elfrago.org\/wp-content\/uploads\/2024\/10\/HOmenaje-Carmen-Romeo-Peman-300x300.jpg 300w, https:\/\/www.elfrago.org\/wp-content\/uploads\/2024\/10\/HOmenaje-Carmen-Romeo-Peman-150x150.jpg 150w, https:\/\/www.elfrago.org\/wp-content\/uploads\/2024\/10\/HOmenaje-Carmen-Romeo-Peman-768x768.jpg 768w, https:\/\/www.elfrago.org\/wp-content\/uploads\/2024\/10\/HOmenaje-Carmen-Romeo-Peman.jpg 1080w\" sizes=\"(max-width: 1024px) 100vw, 1024px\" \/>\t\t\t\t\t\t\t\t\t\t\t\t\t\t\t<\/div>\n\t\t\t\t<\/div>\n\t\t\t\t\t<\/div>\n\t\t<\/div>\n\t\t\t\t<div class=\"elementor-column elementor-col-25 elementor-top-column elementor-element elementor-element-68f893e\" data-id=\"68f893e\" data-element_type=\"column\">\n\t\t\t<div class=\"elementor-widget-wrap\">\n\t\t\t\t\t\t\t\t\t<\/div>\n\t\t<\/div>\n\t\t\t\t\t\t\t<\/div>\n\t\t<\/section>\n\t\t\t\t<section class=\"elementor-section elementor-top-section elementor-element elementor-element-17d9b78 elementor-section-boxed elementor-section-height-default elementor-section-height-default\" data-id=\"17d9b78\" data-element_type=\"section\">\n\t\t\t\t\t\t<div class=\"elementor-container elementor-column-gap-default\">\n\t\t\t\t\t<div class=\"elementor-column elementor-col-100 elementor-top-column elementor-element elementor-element-105b0add\" data-id=\"105b0add\" data-element_type=\"column\">\n\t\t\t<div class=\"elementor-widget-wrap elementor-element-populated\">\n\t\t\t\t\t\t\t\t<div class=\"elementor-element elementor-element-4b8fa501 elementor-arrows-position-inside elementor-pagination-position-outside elementor-widget elementor-widget-image-carousel\" data-id=\"4b8fa501\" data-element_type=\"widget\" data-settings=\"{&quot;autoplay_speed&quot;:5123,&quot;navigation&quot;:&quot;both&quot;,&quot;autoplay&quot;:&quot;yes&quot;,&quot;pause_on_hover&quot;:&quot;yes&quot;,&quot;pause_on_interaction&quot;:&quot;yes&quot;,&quot;infinite&quot;:&quot;yes&quot;,&quot;speed&quot;:500}\" data-widget_type=\"image-carousel.default\">\n\t\t\t\t<div class=\"elementor-widget-container\">\n\t\t\t<style>\/*! elementor - v3.14.0 - 26-06-2023 *\/\n.elementor-widget-image-carousel .swiper,.elementor-widget-image-carousel .swiper-container{position:static}.elementor-widget-image-carousel .swiper-container .swiper-slide figure,.elementor-widget-image-carousel .swiper .swiper-slide figure{line-height:inherit}.elementor-widget-image-carousel .swiper-slide{text-align:center}.elementor-image-carousel-wrapper:not(.swiper-container-initialized):not(.swiper-initialized) .swiper-slide{max-width:calc(100% \/ var(--e-image-carousel-slides-to-show, 3))}<\/style>\t\t<div class=\"elementor-image-carousel-wrapper swiper-container\" dir=\"ltr\">\n\t\t\t<div class=\"elementor-image-carousel swiper-wrapper\" aria-live=\"off\">\n\t\t\t\t\t\t\t\t<div class=\"swiper-slide\" role=\"group\" aria-roledescription=\"slide\" aria-label=\"1 de 8\"><figure class=\"swiper-slide-inner\"><img decoding=\"async\" class=\"swiper-slide-image\" src=\"https:\/\/www.elfrago.org\/wp-content\/uploads\/2024\/09\/The-Arctic-is-warming-4-1024x1024.jpg\" alt=\"The Arctic is warming (4)\" \/><\/figure><\/div><div class=\"swiper-slide\" role=\"group\" aria-roledescription=\"slide\" aria-label=\"2 de 8\"><figure class=\"swiper-slide-inner\"><img decoding=\"async\" class=\"swiper-slide-image\" src=\"https:\/\/www.elfrago.org\/wp-content\/uploads\/2024\/09\/61-1024x1024.jpg\" alt=\"61\" \/><\/figure><\/div><div class=\"swiper-slide\" role=\"group\" aria-roledescription=\"slide\" aria-label=\"3 de 8\"><figure class=\"swiper-slide-inner\"><img decoding=\"async\" class=\"swiper-slide-image\" src=\"https:\/\/www.elfrago.org\/wp-content\/uploads\/2024\/09\/62-1024x1024.jpg\" alt=\"62\" \/><\/figure><\/div><div class=\"swiper-slide\" role=\"group\" aria-roledescription=\"slide\" aria-label=\"4 de 8\"><figure class=\"swiper-slide-inner\"><img decoding=\"async\" class=\"swiper-slide-image\" src=\"https:\/\/www.elfrago.org\/wp-content\/uploads\/2024\/09\/63-1024x1024.jpg\" alt=\"63\" \/><\/figure><\/div><div class=\"swiper-slide\" role=\"group\" aria-roledescription=\"slide\" aria-label=\"5 de 8\"><figure class=\"swiper-slide-inner\"><img decoding=\"async\" class=\"swiper-slide-image\" src=\"https:\/\/www.elfrago.org\/wp-content\/uploads\/2024\/09\/The-Arctic-is-warming-5-1024x1024.jpg\" alt=\"The Arctic is warming (5)\" \/><\/figure><\/div><div class=\"swiper-slide\" role=\"group\" aria-roledescription=\"slide\" aria-label=\"6 de 8\"><figure class=\"swiper-slide-inner\"><img decoding=\"async\" class=\"swiper-slide-image\" src=\"https:\/\/www.elfrago.org\/wp-content\/uploads\/2024\/09\/The-Arctic-is-warming-7-1024x1024.jpg\" alt=\"The Arctic is warming (7)\" \/><\/figure><\/div><div class=\"swiper-slide\" role=\"group\" aria-roledescription=\"slide\" aria-label=\"7 de 8\"><figure class=\"swiper-slide-inner\"><img decoding=\"async\" class=\"swiper-slide-image\" src=\"https:\/\/www.elfrago.org\/wp-content\/uploads\/2024\/09\/The-Arctic-is-warming-6-1024x1024.jpg\" alt=\"The Arctic is warming (6)\" \/><\/figure><\/div><div class=\"swiper-slide\" role=\"group\" aria-roledescription=\"slide\" aria-label=\"8 de 8\"><figure class=\"swiper-slide-inner\"><img decoding=\"async\" class=\"swiper-slide-image\" src=\"https:\/\/www.elfrago.org\/wp-content\/uploads\/2024\/09\/60-1024x1024.jpg\" alt=\"60\" \/><\/figure><\/div>\t\t\t<\/div>\n\t\t\t\t\t\t\t\t\t\t\t\t<div class=\"elementor-swiper-button elementor-swiper-button-prev\" role=\"button\" tabindex=\"0\">\n\t\t\t\t\t\t<i aria-hidden=\"true\" class=\"eicon-chevron-left\"><\/i>\t\t\t\t\t<\/div>\n\t\t\t\t\t<div class=\"elementor-swiper-button elementor-swiper-button-next\" role=\"button\" tabindex=\"0\">\n\t\t\t\t\t\t<i aria-hidden=\"true\" class=\"eicon-chevron-right\"><\/i>\t\t\t\t\t<\/div>\n\t\t\t\t\n\t\t\t\t\t\t\t\t\t<div class=\"swiper-pagination\"><\/div>\n\t\t\t\t\t\t\t\t\t<\/div>\n\t\t\t\t<\/div>\n\t\t\t\t<\/div>\n\t\t\t\t\t<\/div>\n\t\t<\/div>\n\t\t\t\t\t\t\t<\/div>\n\t\t<\/section>\n\t\t\t\t\t\t\t<\/div>\n\t\t","protected":false},"excerpt":{"rendered":"<p>22\/09\/24 El pasado 20 de septiembre de 2024, el Ayuntamiento de El Frago aprob\u00f3 en pleno ordinario la concesi\u00f3n del t\u00edtulo de Hija Predilecta a Carmen Romeo Pem\u00e1n, en reconocimiento a su excepcional trayectoria profesional y su compromiso con la historia y cultura de nuestro municipio. El acto solemne de entrega del t\u00edtulo tendr\u00e1 lugar &hellip;<\/p>\n<p class=\"read-more\"> <a class=\"\" href=\"https:\/\/www.elfrago.org\/index.php\/2024\/09\/22\/hija-predilecta-el-frago\/\"> <span class=\"screen-reader-text\">Carmen Romeo Pem\u00e1n, nombrada Hija Predilecta de El Frago<\/span> Leer m\u00e1s &raquo;<\/a><\/p>\n","protected":false},"author":4,"featured_media":3691,"comment_status":"closed","ping_status":"closed","sticky":false,"template":"","format":"standard","meta":{"site-sidebar-layout":"default","site-content-layout":"default","ast-global-header-display":"","ast-main-header-display":"","ast-hfb-above-header-display":"","ast-hfb-below-header-display":"","ast-hfb-mobile-header-display":"","site-post-title":"","ast-breadcrumbs-content":"","ast-featured-img":"","footer-sml-layout":"","theme-transparent-header-meta":"default","adv-header-id-meta":"","stick-header-meta":"","header-above-stick-meta":"","header-main-stick-meta":"","header-below-stick-meta":""},"categories":[4],"tags":[65,81],"_links":{"self":[{"href":"https:\/\/www.elfrago.org\/index.php\/wp-json\/wp\/v2\/posts\/3689"}],"collection":[{"href":"https:\/\/www.elfrago.org\/index.php\/wp-json\/wp\/v2\/posts"}],"about":[{"href":"https:\/\/www.elfrago.org\/index.php\/wp-json\/wp\/v2\/types\/post"}],"author":[{"embeddable":true,"href":"https:\/\/www.elfrago.org\/index.php\/wp-json\/wp\/v2\/users\/4"}],"replies":[{"embeddable":true,"href":"https:\/\/www.elfrago.org\/index.php\/wp-json\/wp\/v2\/comments?post=3689"}],"version-history":[{"count":40,"href":"https:\/\/www.elfrago.org\/index.php\/wp-json\/wp\/v2\/posts\/3689\/revisions"}],"predecessor-version":[{"id":3883,"href":"https:\/\/www.elfrago.org\/index.php\/wp-json\/wp\/v2\/posts\/3689\/revisions\/3883"}],"wp:featuredmedia":[{"embeddable":true,"href":"https:\/\/www.elfrago.org\/index.php\/wp-json\/wp\/v2\/media\/3691"}],"wp:attachment":[{"href":"https:\/\/www.elfrago.org\/index.php\/wp-json\/wp\/v2\/media?parent=3689"}],"wp:term":[{"taxonomy":"category","embeddable":true,"href":"https:\/\/www.elfrago.org\/index.php\/wp-json\/wp\/v2\/categories?post=3689"},{"taxonomy":"post_tag","embeddable":true,"href":"https:\/\/www.elfrago.org\/index.php\/wp-json\/wp\/v2\/tags?post=3689"}],"curies":[{"name":"wp","href":"https:\/\/api.w.org\/{rel}","templated":true}]}}