{"id":2862,"date":"2024-04-02T11:15:16","date_gmt":"2024-04-02T09:15:16","guid":{"rendered":"https:\/\/www.elfrago.org\/?p=2862"},"modified":"2024-04-26T09:16:08","modified_gmt":"2024-04-26T07:16:08","slug":"denuncia-nitratos-agua","status":"publish","type":"post","link":"https:\/\/www.elfrago.org\/index.php\/2024\/04\/02\/denuncia-nitratos-agua\/","title":{"rendered":"El Frago denuncia la alta concentraci\u00f3n de nitratos en sus aguas"},"content":{"rendered":"\t\t<div data-elementor-type=\"wp-post\" data-elementor-id=\"2862\" class=\"elementor elementor-2862\" data-elementor-post-type=\"post\">\n\t\t\t\t\t\t\t\t\t<section class=\"elementor-section elementor-top-section elementor-element elementor-element-6e23e789 elementor-section-boxed elementor-section-height-default elementor-section-height-default\" data-id=\"6e23e789\" data-element_type=\"section\">\n\t\t\t\t\t\t<div class=\"elementor-container elementor-column-gap-default\">\n\t\t\t\t\t<div class=\"elementor-column elementor-col-100 elementor-top-column elementor-element elementor-element-65112c94\" data-id=\"65112c94\" data-element_type=\"column\">\n\t\t\t<div class=\"elementor-widget-wrap elementor-element-populated\">\n\t\t\t\t\t\t\t\t<div class=\"elementor-element elementor-element-588c577f elementor-widget elementor-widget-text-editor\" data-id=\"588c577f\" data-element_type=\"widget\" data-widget_type=\"text-editor.default\">\n\t\t\t\t<div class=\"elementor-widget-container\">\n\t\t\t<style>\/*! elementor - v3.14.0 - 26-06-2023 *\/\n.elementor-widget-text-editor.elementor-drop-cap-view-stacked .elementor-drop-cap{background-color:#69727d;color:#fff}.elementor-widget-text-editor.elementor-drop-cap-view-framed .elementor-drop-cap{color:#69727d;border:3px solid;background-color:transparent}.elementor-widget-text-editor:not(.elementor-drop-cap-view-default) .elementor-drop-cap{margin-top:8px}.elementor-widget-text-editor:not(.elementor-drop-cap-view-default) .elementor-drop-cap-letter{width:1em;height:1em}.elementor-widget-text-editor .elementor-drop-cap{float:left;text-align:center;line-height:1;font-size:50px}.elementor-widget-text-editor .elementor-drop-cap-letter{display:inline-block}<\/style>\t\t\t\t<p><span lang=\"ES\">20\/03\/24<\/span><\/p><p><span style=\"font-style: inherit; text-align: center; background-color: var(--ast-global-color-5);\"><span lang=\"ES\" style=\"font-size: 13pt; line-height: 107%; font-family: Arial, sans-serif;\">El Frago denuncia la alta concentraci\u00f3n de nitratos en sus aguas debido a la granja porcina en Biel.<\/span><\/span><\/p><p><strong><span lang=\"ES\" style=\"font-size: 12.0pt; line-height: 107%; font-family: 'Arial',sans-serif;\">Este hecho coincide con la condena del Tribunal de Justicia de la Uni\u00f3n Europea a Espa\u00f1a por incumplir la normativa europea sobre nitratos mientras la Confederaci\u00f3n Hidrogr\u00e1fica del Ebro y el INAGA (Gobierno de Arag\u00f3n) guardan silencio.<\/span><\/strong><\/p><p><span style=\"font-family: Arial, sans-serif; font-size: 12pt; font-style: inherit; font-weight: inherit; background-color: var(--ast-global-color-5);\">El Tribunal de Justicia de la Uni\u00f3n Europa ha condenado al Reino de Espa\u00f1a por no prevenir de forma activa la contaminaci\u00f3n del agua,\u00a0incumpliendo la directiva europea\u00a0relativa a la protecci\u00f3n de las aguas contra la contaminaci\u00f3n producida por\u00a0nitratos procedentes de la agricultura y la ganader\u00eda.<\/span><\/p><p><span lang=\"ES\" style=\"font-size: 12.0pt; line-height: 107%; font-family: 'Arial',sans-serif;\">En Arag\u00f3n, los gobiernos central y auton\u00f3mico han incumplido la obligaci\u00f3n de\u00a0designar como zonas vulnerables las <\/span><span lang=\"ES\"><a href=\"https:\/\/www.elconfidencial.com\/medioambiente\/agua\/2022-01-20\/gobierno-espana-contaminacion-por-nitratos_3361069\/\" target=\"_self\"><span style=\"font-size: 12pt; line-height: 107%; font-family: Arial, sans-serif; color: windowtext; text-decoration-line: none;\">zonas de captaci\u00f3n de agua por escorrent\u00eda<\/span><\/a><\/span><span lang=\"ES\" style=\"font-size: 12.0pt; line-height: 107%; font-family: 'Arial',sans-serif;\"> (aguas superficiales) o por infiltraci\u00f3n (aguas subterr\u00e1neas). Tampoco se han establecido todas las medidas obligatorias necesarias en los\u00a0programas de acci\u00f3n de Arag\u00f3n ni las medidas adicionales o acciones reforzadas necesarias en relaci\u00f3n con la\u00a0contaminaci\u00f3n por nitratos y purines.<\/span><\/p><p><span lang=\"ES\" style=\"font-size: 12.0pt; line-height: 107%; font-family: 'Arial',sans-serif;\">Recordemos que la UE considera agua contaminada la que sobrepase 0,25 gramos de nitrato por litro. <\/span><\/p><p><span lang=\"ES\" style=\"font-size: 12.0pt; line-height: 107%; font-family: 'Arial',sans-serif;\">En el caso de Arag\u00f3n, y en concreto en la comarca de las Cinco Villas, en los r\u00edos Arba de Biel, Arba de Luesia y barrancos adyacentes, como el de la Virgen, San Bartolom\u00e9 o Cervera, todos ellos afluentes de estos, ya se ha detectado un preocupante aumento de nitratos aguas abajo de la granja porcina existente en el t\u00e9rmino municipal de Biel. Estos datos se han constatado gracias a los controles realizados por el Ayuntamiento de El Frago, que encarg\u00f3 un estudio y controles de agua a empresas cualificadas y debidamente acreditadas para la obtenci\u00f3n de muestras y su an\u00e1lisis.\u00a0\u00a0 <\/span><\/p><p><span lang=\"ES\" style=\"font-size: 12.0pt; line-height: 107%; font-family: 'Arial',sans-serif;\">A la luz de esta sanci\u00f3n europea y la inacci\u00f3n de las administraciones responsables, el Ayuntamiento de El Frago reclama que, de una vez por todas, se deniegue cualquier permiso en la zona para instalar o ampliar explotaciones intensivas de ganado porcino. Y la revisi\u00f3n de los permisos concedidos a fin de garantizar el cumplimiento con la normativa europea.<\/span><\/p><p><span lang=\"ES\" style=\"font-size: 12.0pt; line-height: 107%; font-family: 'Arial',sans-serif;\">Recordemos que en la cuenca del Arba de Biel se pretende instalar una macrogranja porcina que captar\u00eda m\u00e1s de 28.800 m3 de agua (a 8 km. de El Frago, aguas arriba) cuando la granja ya existente tiene concedidos menos de 1.000 m3. Autorizar esta concesi\u00f3n empeorar\u00eda la calidad de las aguas e imposibilitar\u00eda el abastecimiento a la poblaci\u00f3n, ya que el agua que necesita la nueva granja supone 8 veces m\u00e1s que la que consume el pueblo de El Frago de un r\u00edo que baja seco.<\/span><\/p><p>Se han hecho eco de esta nota de prensa (hacer click en la foto para acceder a la noticia):<\/p>\t\t\t\t\t\t<\/div>\n\t\t\t\t<\/div>\n\t\t\t\t\t<\/div>\n\t\t<\/div>\n\t\t\t\t\t\t\t<\/div>\n\t\t<\/section>\n\t\t\t\t<section class=\"elementor-section elementor-top-section elementor-element elementor-element-a86c2ae elementor-section-boxed elementor-section-height-default elementor-section-height-default\" data-id=\"a86c2ae\" data-element_type=\"section\">\n\t\t\t\t\t\t<div class=\"elementor-container elementor-column-gap-default\">\n\t\t\t\t\t<div class=\"elementor-column elementor-col-50 elementor-top-column elementor-element elementor-element-0cee7a4\" data-id=\"0cee7a4\" data-element_type=\"column\">\n\t\t\t<div class=\"elementor-widget-wrap elementor-element-populated\">\n\t\t\t\t\t\t\t\t<div class=\"elementor-element elementor-element-59adb60 elementor-widget elementor-widget-image\" data-id=\"59adb60\" data-element_type=\"widget\" data-widget_type=\"image.default\">\n\t\t\t\t<div class=\"elementor-widget-container\">\n\t\t\t<style>\/*! elementor - v3.14.0 - 26-06-2023 *\/\n.elementor-widget-image{text-align:center}.elementor-widget-image a{display:inline-block}.elementor-widget-image a img[src$=\".svg\"]{width:48px}.elementor-widget-image img{vertical-align:middle;display:inline-block}<\/style>\t\t\t\t\t\t\t\t\t<figure class=\"wp-caption\">\n\t\t\t\t\t\t\t\t\t\t\t<a href=\"https:\/\/arainfo.org\/frago-denuncia-la-alta-concentracion-nitratos-aguasprovocada-la-granja-porcina-biel\/\">\n\t\t\t\t\t\t\t<img decoding=\"async\" width=\"1024\" height=\"522\" src=\"https:\/\/www.elfrago.org\/wp-content\/uploads\/2023\/02\/El-acui\u0301fero-de-El-Frago-en-peligro-por-la-construccio\u0301n-de-una-macrogranja-de-8000-cabezas-1024x522.jpg\" class=\"attachment-large size-large wp-image-1594\" alt=\"\" loading=\"lazy\" srcset=\"https:\/\/www.elfrago.org\/wp-content\/uploads\/2023\/02\/El-acui\u0301fero-de-El-Frago-en-peligro-por-la-construccio\u0301n-de-una-macrogranja-de-8000-cabezas-1024x522.jpg 1024w, https:\/\/www.elfrago.org\/wp-content\/uploads\/2023\/02\/El-acui\u0301fero-de-El-Frago-en-peligro-por-la-construccio\u0301n-de-una-macrogranja-de-8000-cabezas-300x153.jpg 300w, https:\/\/www.elfrago.org\/wp-content\/uploads\/2023\/02\/El-acui\u0301fero-de-El-Frago-en-peligro-por-la-construccio\u0301n-de-una-macrogranja-de-8000-cabezas-768x392.jpg 768w, https:\/\/www.elfrago.org\/wp-content\/uploads\/2023\/02\/El-acui\u0301fero-de-El-Frago-en-peligro-por-la-construccio\u0301n-de-una-macrogranja-de-8000-cabezas.jpg 1177w\" sizes=\"(max-width: 1024px) 100vw, 1024px\" \/>\t\t\t\t\t\t\t\t<\/a>\n\t\t\t\t\t\t\t\t\t\t\t<figcaption class=\"widget-image-caption wp-caption-text\">Arainfo.org<\/figcaption>\n\t\t\t\t\t\t\t\t\t\t<\/figure>\n\t\t\t\t\t\t\t\t\t<\/div>\n\t\t\t\t<\/div>\n\t\t\t\t\t<\/div>\n\t\t<\/div>\n\t\t\t\t<div class=\"elementor-column elementor-col-50 elementor-top-column elementor-element elementor-element-89e515e\" data-id=\"89e515e\" data-element_type=\"column\">\n\t\t\t<div class=\"elementor-widget-wrap elementor-element-populated\">\n\t\t\t\t\t\t\t\t<div class=\"elementor-element elementor-element-ef050b5 elementor-widget elementor-widget-image\" data-id=\"ef050b5\" data-element_type=\"widget\" data-widget_type=\"image.default\">\n\t\t\t\t<div class=\"elementor-widget-container\">\n\t\t\t\t\t\t\t\t\t\t\t\t<figure class=\"wp-caption\">\n\t\t\t\t\t\t\t\t\t\t\t<a href=\"https:\/\/www.plazanueva.com\/articulo\/medio-y-energia\/contaminacion-agua-espana-problema-global-que-requiere-accion\/20240322123042256253.html\">\n\t\t\t\t\t\t\t<img decoding=\"async\" width=\"1024\" height=\"512\" src=\"https:\/\/www.elfrago.org\/wp-content\/uploads\/2024\/03\/arba-1024x512.jpg\" class=\"attachment-large size-large wp-image-2835\" alt=\"\" loading=\"lazy\" srcset=\"https:\/\/www.elfrago.org\/wp-content\/uploads\/2024\/03\/arba-1024x512.jpg 1024w, https:\/\/www.elfrago.org\/wp-content\/uploads\/2024\/03\/arba-300x150.jpg 300w, https:\/\/www.elfrago.org\/wp-content\/uploads\/2024\/03\/arba-768x384.jpg 768w, https:\/\/www.elfrago.org\/wp-content\/uploads\/2024\/03\/arba.jpg 1200w\" sizes=\"(max-width: 1024px) 100vw, 1024px\" \/>\t\t\t\t\t\t\t\t<\/a>\n\t\t\t\t\t\t\t\t\t\t\t<figcaption class=\"widget-image-caption wp-caption-text\">Plazanueva.com <\/figcaption>\n\t\t\t\t\t\t\t\t\t\t<\/figure>\n\t\t\t\t\t\t\t\t\t<\/div>\n\t\t\t\t<\/div>\n\t\t\t\t\t<\/div>\n\t\t<\/div>\n\t\t\t\t\t\t\t<\/div>\n\t\t<\/section>\n\t\t\t\t<section class=\"elementor-section elementor-top-section elementor-element elementor-element-f90774d elementor-section-boxed elementor-section-height-default elementor-section-height-default\" data-id=\"f90774d\" data-element_type=\"section\">\n\t\t\t\t\t\t<div class=\"elementor-container elementor-column-gap-default\">\n\t\t\t\t\t<div class=\"elementor-column elementor-col-100 elementor-top-column elementor-element elementor-element-f0a569b\" data-id=\"f0a569b\" data-element_type=\"column\">\n\t\t\t<div class=\"elementor-widget-wrap elementor-element-populated\">\n\t\t\t\t\t\t\t\t<div class=\"elementor-element elementor-element-fc58dad elementor-align-center elementor-widget elementor-widget-button\" data-id=\"fc58dad\" data-element_type=\"widget\" data-widget_type=\"button.default\">\n\t\t\t\t<div class=\"elementor-widget-container\">\n\t\t\t\t\t<div class=\"elementor-button-wrapper\">\n\t\t\t<a class=\"elementor-button elementor-button-link elementor-size-lg\" href=\"https:\/\/www.elfrago.org\/wp-content\/uploads\/2024\/04\/20240320_Nota-de-prensa-nitratos-aguas-granja.pdf\">\n\t\t\t\t\t\t<span class=\"elementor-button-content-wrapper\">\n\t\t\t\t\t\t<span class=\"elementor-button-text\">Descargar Nota de Prensa<\/span>\n\t\t<\/span>\n\t\t\t\t\t<\/a>\n\t\t<\/div>\n\t\t\t\t<\/div>\n\t\t\t\t<\/div>\n\t\t\t\t\t<\/div>\n\t\t<\/div>\n\t\t\t\t\t\t\t<\/div>\n\t\t<\/section>\n\t\t\t\t\t\t\t<\/div>\n\t\t","protected":false},"excerpt":{"rendered":"<p>20\/03\/24 El Frago denuncia la alta concentraci\u00f3n de nitratos en sus aguas debido a la granja porcina en Biel. Este hecho coincide con la condena del Tribunal de Justicia de la Uni\u00f3n Europea a Espa\u00f1a por incumplir la normativa europea sobre nitratos mientras la Confederaci\u00f3n Hidrogr\u00e1fica del Ebro y el INAGA (Gobierno de Arag\u00f3n) guardan &hellip;<\/p>\n<p class=\"read-more\"> <a class=\"\" href=\"https:\/\/www.elfrago.org\/index.php\/2024\/04\/02\/denuncia-nitratos-agua\/\"> <span class=\"screen-reader-text\">El Frago denuncia la alta concentraci\u00f3n de nitratos en sus aguas<\/span> Leer m\u00e1s &raquo;<\/a><\/p>\n","protected":false},"author":4,"featured_media":2835,"comment_status":"closed","ping_status":"closed","sticky":false,"template":"","format":"standard","meta":{"site-sidebar-layout":"default","site-content-layout":"default","ast-global-header-display":"","ast-main-header-display":"","ast-hfb-above-header-display":"","ast-hfb-below-header-display":"","ast-hfb-mobile-header-display":"","site-post-title":"","ast-breadcrumbs-content":"","ast-featured-img":"","footer-sml-layout":"","theme-transparent-header-meta":"default","adv-header-id-meta":"","stick-header-meta":"","header-above-stick-meta":"","header-main-stick-meta":"","header-below-stick-meta":""},"categories":[4],"tags":[67,68],"_links":{"self":[{"href":"https:\/\/www.elfrago.org\/index.php\/wp-json\/wp\/v2\/posts\/2862"}],"collection":[{"href":"https:\/\/www.elfrago.org\/index.php\/wp-json\/wp\/v2\/posts"}],"about":[{"href":"https:\/\/www.elfrago.org\/index.php\/wp-json\/wp\/v2\/types\/post"}],"author":[{"embeddable":true,"href":"https:\/\/www.elfrago.org\/index.php\/wp-json\/wp\/v2\/users\/4"}],"replies":[{"embeddable":true,"href":"https:\/\/www.elfrago.org\/index.php\/wp-json\/wp\/v2\/comments?post=2862"}],"version-history":[{"count":21,"href":"https:\/\/www.elfrago.org\/index.php\/wp-json\/wp\/v2\/posts\/2862\/revisions"}],"predecessor-version":[{"id":2891,"href":"https:\/\/www.elfrago.org\/index.php\/wp-json\/wp\/v2\/posts\/2862\/revisions\/2891"}],"wp:featuredmedia":[{"embeddable":true,"href":"https:\/\/www.elfrago.org\/index.php\/wp-json\/wp\/v2\/media\/2835"}],"wp:attachment":[{"href":"https:\/\/www.elfrago.org\/index.php\/wp-json\/wp\/v2\/media?parent=2862"}],"wp:term":[{"taxonomy":"category","embeddable":true,"href":"https:\/\/www.elfrago.org\/index.php\/wp-json\/wp\/v2\/categories?post=2862"},{"taxonomy":"post_tag","embeddable":true,"href":"https:\/\/www.elfrago.org\/index.php\/wp-json\/wp\/v2\/tags?post=2862"}],"curies":[{"name":"wp","href":"https:\/\/api.w.org\/{rel}","templated":true}]}}