{"id":2653,"date":"2024-03-10T16:08:53","date_gmt":"2024-03-10T15:08:53","guid":{"rendered":"https:\/\/www.elfrago.org\/?p=2653"},"modified":"2024-03-22T12:05:24","modified_gmt":"2024-03-22T11:05:24","slug":"proceso-participativo-plan-igualdad","status":"publish","type":"post","link":"https:\/\/www.elfrago.org\/index.php\/2024\/03\/10\/proceso-participativo-plan-igualdad\/","title":{"rendered":"Proceso Participativo: Plan Local de Igualdad de El Frago"},"content":{"rendered":"\t\t<div data-elementor-type=\"wp-post\" data-elementor-id=\"2653\" class=\"elementor elementor-2653\" data-elementor-post-type=\"post\">\n\t\t\t\t\t\t\t\t\t<section class=\"elementor-section elementor-top-section elementor-element elementor-element-6e23e789 elementor-section-boxed elementor-section-height-default elementor-section-height-default\" data-id=\"6e23e789\" data-element_type=\"section\">\n\t\t\t\t\t\t<div class=\"elementor-container elementor-column-gap-default\">\n\t\t\t\t\t<div class=\"elementor-column elementor-col-100 elementor-top-column elementor-element elementor-element-65112c94\" data-id=\"65112c94\" data-element_type=\"column\">\n\t\t\t<div class=\"elementor-widget-wrap elementor-element-populated\">\n\t\t\t\t\t\t\t\t<div class=\"elementor-element elementor-element-588c577f elementor-widget elementor-widget-text-editor\" data-id=\"588c577f\" data-element_type=\"widget\" data-widget_type=\"text-editor.default\">\n\t\t\t\t<div class=\"elementor-widget-container\">\n\t\t\t<style>\/*! elementor - v3.14.0 - 26-06-2023 *\/\n.elementor-widget-text-editor.elementor-drop-cap-view-stacked .elementor-drop-cap{background-color:#69727d;color:#fff}.elementor-widget-text-editor.elementor-drop-cap-view-framed .elementor-drop-cap{color:#69727d;border:3px solid;background-color:transparent}.elementor-widget-text-editor:not(.elementor-drop-cap-view-default) .elementor-drop-cap{margin-top:8px}.elementor-widget-text-editor:not(.elementor-drop-cap-view-default) .elementor-drop-cap-letter{width:1em;height:1em}.elementor-widget-text-editor .elementor-drop-cap{float:left;text-align:center;line-height:1;font-size:50px}.elementor-widget-text-editor .elementor-drop-cap-letter{display:inline-block}<\/style>\t\t\t\t<p><span lang=\"ES\">10\/03\/24<\/span><\/p><p><strong>Proceso Participativo para la Elaboraci\u00f3n del Plan Local de Igualdad de El Frago: Un Compromiso Colectivo por la Equidad<\/strong><\/p><p><span style=\"font-style: inherit; font-weight: inherit; color: var( --e-global-color-text ); background-color: var(--ast-global-color-5);\">Durante los d\u00edas 8, 9 y 10 de marzo, El Frago se ha llenado de energ\u00eda y compromiso con la celebraci\u00f3n de las\u00a0<\/span><a href=\"https:\/\/www.elfrago.org\/index.php\/2024\/03\/04\/jornadas-mujer-rural\/\" target=\"_blank\" rel=\"noopener\">Jornadas de la Mujer<\/a><span style=\"font-style: inherit; font-weight: inherit; color: var( --e-global-color-text ); background-color: var(--ast-global-color-5);\">, <strong>Mullers d&#8217;a Redolada<\/strong>. Este evento ha sido mucho m\u00e1s que una celebraci\u00f3n; ha sido un espacio de reflexi\u00f3n, inspiraci\u00f3n y acci\u00f3n para avanzar hacia la igualdad de g\u00e9nero en nuestra comunidad.<\/span><\/p><p>En el marco de estas jornadas, nos complace presentar el resultado de un esfuerzo conjunto y comprometido: la iniciativa de elaboraci\u00f3n de un\u00a0<b>Plan Local de Igualdad de El Frago<\/b>.\u00a0<\/p><p><span style=\"font-style: inherit; font-weight: inherit; color: var( --e-global-color-text ); background-color: var(--ast-global-color-5);\">En un mundo donde la igualdad formal ante la ley es un hecho, pero la <\/span><span style=\"font-style: inherit; color: var( --e-global-color-text ); background-color: var(--ast-global-color-5);\"><b>igualdad efectiva y real<\/b><\/span><span style=\"font-style: inherit; font-weight: inherit; color: var( --e-global-color-text ); background-color: var(--ast-global-color-5);\"> sigue siendo un desaf\u00edo, El Frago se levanta como un faro de cambio. Conscientes de que las desigualdades pueden persistir y, por lo tanto, necesitan ser combatidas, hemos decidido embarcarnos en un <strong>proceso participativo<\/strong> para la elaboraci\u00f3n de nuestro Plan Local de Igualdad.<\/span><\/p><p>Siendo las entidades locales los niveles de intervenci\u00f3n m\u00e1s adecuados para promover una sociedad verdaderamente igualitaria, desarrollar un plan integral nos permite trabajar para asegurar que el principio de igualdad de oportunidades y de trato entre mujeres y hombres en nuestro territorio sea efectivo.<\/p><p>As\u00ed lo establece el <b>art\u00edculo 8 de la Ley 7\/2018, de 28 de junio, de igualdad de oportunidades entre mujeres y hombres en Arag\u00f3n: <\/b>las entidades locales tienen la responsabilidad de llevar a cabo medidas oportunas para combatir los efectos negativos de las m\u00faltiples discriminaciones.<\/p><h2><strong>Participaci\u00f3n ciudadana: clave del \u00e9xito<\/strong><\/h2><p>En este proceso, la participaci\u00f3n ciudadana es clave.<\/p><p>Porque un plan elaborado con la participaci\u00f3n de la ciudadan\u00eda no solo favorece una mayor aceptaci\u00f3n social, sino que tambi\u00e9n se siente m\u00e1s cercano y ajustado a las necesidades y demandas del territorio. La ciudadan\u00eda se implica en mayor medida en su desarrollo y ejecuci\u00f3n, lo que garantiza su \u00e9xito y sostenibilidad a largo plazo.<\/p><p>Para llevar a cabo este proceso, el Ayuntamiento de El Frago contar\u00e1 con <b>el apoyo econ\u00f3mico y t\u00e9cnico de la Direcci\u00f3n General de Gobierno Abierto e Innovaci\u00f3n Social del Gobierno de Arag\u00f3n<\/b>. Esto asegura que podamos contar con los recursos necesarios para garantizar una participaci\u00f3n inclusiva y efectiva de toda la comunidad en manos de <a href=\"https:\/\/www.atelierdeideas.com\/\" target=\"_blank\" rel=\"noopener\">empresas<\/a> especializadas en acompa\u00f1ar procesos de transformaci\u00f3n social.<\/p><p><span style=\"font-size: 16px;\">Los <\/span><b style=\"font-style: inherit;\">objetivos de este proceso<\/b><span style=\"font-size: 16px;\"> son claros: <\/span><\/p><ol><li><span style=\"font-size: 16px;\">Realizar un <\/span><b style=\"font-style: inherit;\">diagn\u00f3stico<\/b><span style=\"font-size: 16px;\"> de percepci\u00f3n que describa la situaci\u00f3n de la igualdad entre mujeres y hombres en el municipio.<\/span><\/li><li><span style=\"font-size: 16px;\">Recabar <\/span><b style=\"font-style: inherit;\">propuestas de acci\u00f3n<\/b><span style=\"font-size: 16px;\"> de todas las personas, colectivos y entidades implicadas en la igualdad.<\/span><\/li><li><strong><span style=\"font-size: 16px;\">F<\/span><\/strong><b style=\"font-style: inherit;\">omentar el debate<\/b><span style=\"font-size: 16px;\"> en torno a este tema tan importante.<\/span><\/li><\/ol><p>Para ello, se llevar\u00e1n a cabo dos talleres:\u00a0<\/p><ol><li><strong>Taller con AGENTES T\u00c9CNICOS<\/strong>:\u00a0 donde se realizar\u00e1 el diagn\u00f3stico de igualdad y se propondr\u00e1n medidas. Convocatoria mesa t\u00e9cnica: <b>jueves, 11 de abril de 10:00 a 14:00 en la sede de Comarca Cinco Villas<\/b> (calle Justicia Mayor de Arag\u00f3n, 20, Ejea de los Caballeros)<\/li><li><strong>Taller abierto a la CIUDADAN\u00cdA<\/strong>: para contrastar el diagn\u00f3stico y las propuestas de medidas. Convocatoria taller ciudadan\u00eda: <b>s\u00e1bado, 20 de abril de 10:30 a 13:00 en el Sal\u00f3n de Plenos del Ayuntamiento de El Frago<\/b>.<\/li><\/ol><p>La informaci\u00f3n detallada sobre el proceso participativo se puede encontrar en el siguiente enlace:\u00a0<a style=\"font-size: 1rem;\" href=\"https:\/\/gobiernoabierto.aragon.es\/agoab\/participacion\/procesos\/232478173000\" target=\"_blank\" rel=\"noopener\">https:\/\/gobiernoabierto.aragon.es\/agoab\/participacion\/procesos\/232478173000<\/a><\/p><p><span style=\"background-color: var(--ast-global-color-5); color: var( --e-global-color-text ); font-style: inherit; font-weight: inherit;\">El Plan de Igualdad es una herramienta fundamental para corregir y eliminar las desigualdades en el \u00e1mbito laboral por raz\u00f3n de sexo. Empresas con m\u00e1s de 50 personas empleadas est\u00e1n obligadas desde el a\u00f1o 2022 a implementarlo, mientras que la Administraci\u00f3n P\u00fablica lo est\u00e1 desde noviembre de 2015. Desde el ayuntamiento de El Frago, debemos y queremos ser un referente en esta tarea.<\/span><\/p><p><span style=\"font-style: inherit; font-weight: inherit; color: var( --e-global-color-text ); background-color: var(--ast-global-color-5);\">Un plan de igualdad no solo es necesario para promover la equidad y prevenir la discriminaci\u00f3n, sino que tambi\u00e9n puede generar beneficios tangibles en t\u00e9rminos de <\/span><span style=\"font-style: inherit; color: var( --e-global-color-text ); background-color: var(--ast-global-color-5);\"><b>desarrollo social, econ\u00f3mico y calidad de vida<\/b><\/span><span style=\"font-style: inherit; font-weight: inherit; color: var( --e-global-color-text ); background-color: var(--ast-global-color-5);\">. En el caso espec\u00edfico de El Frago, es nuestro cometido buscar oportunidades para que las mujeres de nuestra comunidad puedan realizar actividades productivas que contribuyan a su desarrollo profesional y personal.\u00a0<\/span><\/p><p><span style=\"font-style: inherit; font-weight: inherit; color: var( --e-global-color-text ); background-color: var(--ast-global-color-5);\">En efecto, fomentar la autonom\u00eda personal y econ\u00f3mica de las mujeres e impulsar el empleo femenino es una de nuestras prioridades. Al promover la igualdad de oportunidades laborales y facilitar el acceso a recursos y apoyos necesarios, estamos creando un entorno donde las mujeres puedan alcanzar su m\u00e1ximo potencial y contribuir al crecimiento econ\u00f3mico local.<\/span><\/p><p><span style=\"font-style: inherit; font-weight: inherit; color: var( --e-global-color-text ); background-color: var(--ast-global-color-5);\">Adem\u00e1s, queremos fomentar la presencia de mujeres en los \u00f3rganos de participaci\u00f3n y en los espacios de toma de decisiones. Reconocemos el valor de la diversidad de g\u00e9nero en la toma de decisiones y nos comprometemos a garantizar que las voces y perspectivas de las mujeres sean escuchadas y tenidas en cuenta en todos los niveles de gobierno y liderazgo comunitario.<\/span><\/p><p><span style=\"font-style: inherit; font-weight: inherit; color: var( --e-global-color-text ); background-color: var(--ast-global-color-5);\">Al trabajar en conjunto para eliminar barreras y promover la igualdad de oportunidades, estamos construyendo un futuro m\u00e1s inclusivo y equitativo para todas las personas de El Frago.<\/span><\/p><p>Estos objetivos son muy ambiciosos y desafiantes. Por ello, antes de dar los primeros pasos hacia su consecuci\u00f3n, creemos que es fundamental contar con la orientaci\u00f3n y experiencia de personas expertas en la materia. En colaboraci\u00f3n con agentes t\u00e9cnicos locales de diversas \u00e1reas, como social, cultural y desarrollo, buscamos elaborar el Plan de Igualdad de El Frago de manera informada y estrat\u00e9gica.<\/p><p>Entendemos que un plan de igualdad va m\u00e1s all\u00e1 de ser una simple hoja de ruta; es un compromiso profundo con la transformaci\u00f3n social y la construcci\u00f3n de una comunidad m\u00e1s justa y equitativa. Para lograr este objetivo, es esencial comprender nuestra realidad actual y definir los primeros pasos de manera precisa.<\/p><p><span style=\"font-style: inherit; font-weight: inherit; color: var( --e-global-color-text ); background-color: var(--ast-global-color-5);\">Hacer este recorrido mediante un proceso participativo garantiza que el plan refleje las necesidades y prioridades reales de la comunidad, as\u00ed como el compromiso y la colaboraci\u00f3n de todos las personas que la componen. Por lo tanto: l<\/span><span style=\"font-size: 1rem; font-style: inherit; font-weight: inherit; color: var( --e-global-color-text ); background-color: var(--ast-global-color-5);\">a<\/span><span style=\"font-size: 1rem; font-style: inherit; font-weight: inherit; color: var( --e-global-color-text ); background-color: var(--ast-global-color-5);\">\u00a0<\/span><span style=\"font-size: 1rem; font-style: inherit; color: var( --e-global-color-text ); background-color: var(--ast-global-color-5); font-weight: bold;\">participaci\u00f3n de la ciudadan\u00eda es imprescindible<\/span><span style=\"font-size: 1rem; font-style: inherit; font-weight: inherit; color: var( --e-global-color-text ); background-color: var(--ast-global-color-5);\">\u00a0<\/span><span style=\"font-size: 1rem; font-style: inherit; font-weight: inherit; color: var( --e-global-color-text ); background-color: var(--ast-global-color-5);\">para lograr nuestros objetivos en materia de igualdad.<\/span><\/p><p>Como dice el <b>art\u00edculo 7 de la Ley 7\/2018<\/b>, las entidades locales tienen la responsabilidad de incorporar la perspectiva de g\u00e9nero en todas sus pol\u00edticas, programas y acciones administrativas. Por eso, repetimos, es fundamental que todas las personas nos unamos en este esfuerzo por construir un futuro m\u00e1s justo e igualitario para todos y todas.<\/p><p>El camino hacia la igualdad efectiva y real puede ser largo y dif\u00edcil, pero como comunidad que demuestra una y mil veces que trabajar codo con codo le viene de serie, no tenemos duda alguna de que podemos lograrlo.<\/p><p>\u00a1El Frago, hacia un futuro m\u00e1s igualitario y pr\u00f3spero!<\/p>\t\t\t\t\t\t<\/div>\n\t\t\t\t<\/div>\n\t\t\t\t\t<\/div>\n\t\t<\/div>\n\t\t\t\t\t\t\t<\/div>\n\t\t<\/section>\n\t\t\t\t<section class=\"elementor-section elementor-top-section elementor-element elementor-element-4f3127d elementor-section-boxed elementor-section-height-default elementor-section-height-default\" data-id=\"4f3127d\" data-element_type=\"section\">\n\t\t\t\t\t\t<div class=\"elementor-container elementor-column-gap-default\">\n\t\t\t\t\t<div class=\"elementor-column elementor-col-100 elementor-top-column elementor-element elementor-element-a2207fd\" data-id=\"a2207fd\" data-element_type=\"column\">\n\t\t\t<div class=\"elementor-widget-wrap elementor-element-populated\">\n\t\t\t\t\t\t\t\t<div class=\"elementor-element elementor-element-27e8ea0 elementor-widget elementor-widget-heading\" data-id=\"27e8ea0\" data-element_type=\"widget\" data-widget_type=\"heading.default\">\n\t\t\t\t<div class=\"elementor-widget-container\">\n\t\t\t<style>\/*! elementor - v3.14.0 - 26-06-2023 *\/\n.elementor-heading-title{padding:0;margin:0;line-height:1}.elementor-widget-heading .elementor-heading-title[class*=elementor-size-]>a{color:inherit;font-size:inherit;line-height:inherit}.elementor-widget-heading .elementor-heading-title.elementor-size-small{font-size:15px}.elementor-widget-heading .elementor-heading-title.elementor-size-medium{font-size:19px}.elementor-widget-heading .elementor-heading-title.elementor-size-large{font-size:29px}.elementor-widget-heading .elementor-heading-title.elementor-size-xl{font-size:39px}.elementor-widget-heading .elementor-heading-title.elementor-size-xxl{font-size:59px}<\/style><h2 class=\"elementor-heading-title elementor-size-default\">Presentaci\u00f3n utilizada en la sesi\u00f3n informativa del 9\/03\/2024 (El Frago)<\/h2>\t\t<\/div>\n\t\t\t\t<\/div>\n\t\t\t\t\t<\/div>\n\t\t<\/div>\n\t\t\t\t\t\t\t<\/div>\n\t\t<\/section>\n\t\t\t\t<section class=\"elementor-section elementor-top-section elementor-element elementor-element-9a28960 elementor-section-boxed elementor-section-height-default elementor-section-height-default\" data-id=\"9a28960\" data-element_type=\"section\">\n\t\t\t\t\t\t<div class=\"elementor-container elementor-column-gap-default\">\n\t\t\t\t\t<div class=\"elementor-column elementor-col-100 elementor-top-column elementor-element elementor-element-540c62c\" data-id=\"540c62c\" data-element_type=\"column\">\n\t\t\t<div class=\"elementor-widget-wrap elementor-element-populated\">\n\t\t\t\t\t\t\t\t<div class=\"elementor-element elementor-element-0745b7f elementor-arrows-position-inside elementor-pagination-position-outside elementor-widget elementor-widget-image-carousel\" data-id=\"0745b7f\" data-element_type=\"widget\" data-settings=\"{&quot;autoplay_speed&quot;:5123,&quot;navigation&quot;:&quot;both&quot;,&quot;autoplay&quot;:&quot;yes&quot;,&quot;pause_on_hover&quot;:&quot;yes&quot;,&quot;pause_on_interaction&quot;:&quot;yes&quot;,&quot;infinite&quot;:&quot;yes&quot;,&quot;speed&quot;:500}\" data-widget_type=\"image-carousel.default\">\n\t\t\t\t<div class=\"elementor-widget-container\">\n\t\t\t<style>\/*! elementor - v3.14.0 - 26-06-2023 *\/\n.elementor-widget-image-carousel .swiper,.elementor-widget-image-carousel .swiper-container{position:static}.elementor-widget-image-carousel .swiper-container .swiper-slide figure,.elementor-widget-image-carousel .swiper .swiper-slide figure{line-height:inherit}.elementor-widget-image-carousel .swiper-slide{text-align:center}.elementor-image-carousel-wrapper:not(.swiper-container-initialized):not(.swiper-initialized) .swiper-slide{max-width:calc(100% \/ var(--e-image-carousel-slides-to-show, 3))}<\/style>\t\t<div class=\"elementor-image-carousel-wrapper swiper-container\" dir=\"ltr\">\n\t\t\t<div class=\"elementor-image-carousel swiper-wrapper\" aria-live=\"off\">\n\t\t\t\t\t\t\t\t<div class=\"swiper-slide\" role=\"group\" aria-roledescription=\"slide\" aria-label=\"1 de 6\"><figure class=\"swiper-slide-inner\"><img decoding=\"async\" class=\"swiper-slide-image\" src=\"https:\/\/www.elfrago.org\/wp-content\/uploads\/2024\/03\/1-1-1024x576.jpg\" alt=\"\" \/><\/figure><\/div><div class=\"swiper-slide\" role=\"group\" aria-roledescription=\"slide\" aria-label=\"2 de 6\"><figure class=\"swiper-slide-inner\"><img decoding=\"async\" class=\"swiper-slide-image\" src=\"https:\/\/www.elfrago.org\/wp-content\/uploads\/2024\/03\/2-1-1024x576.jpg\" alt=\"2\" \/><\/figure><\/div><div class=\"swiper-slide\" role=\"group\" aria-roledescription=\"slide\" aria-label=\"3 de 6\"><figure class=\"swiper-slide-inner\"><img decoding=\"async\" class=\"swiper-slide-image\" src=\"https:\/\/www.elfrago.org\/wp-content\/uploads\/2024\/03\/3-1-1024x576.jpg\" alt=\"3\" \/><\/figure><\/div><div class=\"swiper-slide\" role=\"group\" aria-roledescription=\"slide\" aria-label=\"4 de 6\"><figure class=\"swiper-slide-inner\"><img decoding=\"async\" class=\"swiper-slide-image\" src=\"https:\/\/www.elfrago.org\/wp-content\/uploads\/2024\/03\/4-1-1024x576.jpg\" alt=\"4\" \/><\/figure><\/div><div class=\"swiper-slide\" role=\"group\" aria-roledescription=\"slide\" aria-label=\"5 de 6\"><figure class=\"swiper-slide-inner\"><img decoding=\"async\" class=\"swiper-slide-image\" src=\"https:\/\/www.elfrago.org\/wp-content\/uploads\/2024\/03\/5-1-1024x576.jpg\" alt=\"5\" \/><\/figure><\/div><div class=\"swiper-slide\" role=\"group\" aria-roledescription=\"slide\" aria-label=\"6 de 6\"><figure class=\"swiper-slide-inner\"><img decoding=\"async\" class=\"swiper-slide-image\" src=\"https:\/\/www.elfrago.org\/wp-content\/uploads\/2024\/03\/6-1-1024x576.jpg\" alt=\"6\" \/><\/figure><\/div>\t\t\t<\/div>\n\t\t\t\t\t\t\t\t\t\t\t\t<div class=\"elementor-swiper-button elementor-swiper-button-prev\" role=\"button\" tabindex=\"0\">\n\t\t\t\t\t\t<i aria-hidden=\"true\" class=\"eicon-chevron-left\"><\/i>\t\t\t\t\t<\/div>\n\t\t\t\t\t<div class=\"elementor-swiper-button elementor-swiper-button-next\" role=\"button\" tabindex=\"0\">\n\t\t\t\t\t\t<i aria-hidden=\"true\" class=\"eicon-chevron-right\"><\/i>\t\t\t\t\t<\/div>\n\t\t\t\t\n\t\t\t\t\t\t\t\t\t<div class=\"swiper-pagination\"><\/div>\n\t\t\t\t\t\t\t\t\t<\/div>\n\t\t\t\t<\/div>\n\t\t\t\t<\/div>\n\t\t\t\t\t<\/div>\n\t\t<\/div>\n\t\t\t\t\t\t\t<\/div>\n\t\t<\/section>\n\t\t\t\t\t\t\t<\/div>\n\t\t","protected":false},"excerpt":{"rendered":"<p>10\/03\/24 Proceso Participativo para la Elaboraci\u00f3n del Plan Local de Igualdad de El Frago: Un Compromiso Colectivo por la Equidad Durante los d\u00edas 8, 9 y 10 de marzo, El Frago se ha llenado de energ\u00eda y compromiso con la celebraci\u00f3n de las\u00a0Jornadas de la Mujer, Mullers d&#8217;a Redolada. Este evento ha sido mucho m\u00e1s &hellip;<\/p>\n<p class=\"read-more\"> <a class=\"\" href=\"https:\/\/www.elfrago.org\/index.php\/2024\/03\/10\/proceso-participativo-plan-igualdad\/\"> <span class=\"screen-reader-text\">Proceso Participativo: Plan Local de Igualdad de El Frago<\/span> Leer m\u00e1s &raquo;<\/a><\/p>\n","protected":false},"author":4,"featured_media":2698,"comment_status":"closed","ping_status":"closed","sticky":false,"template":"","format":"standard","meta":{"site-sidebar-layout":"default","site-content-layout":"default","ast-global-header-display":"","ast-main-header-display":"","ast-hfb-above-header-display":"","ast-hfb-below-header-display":"","ast-hfb-mobile-header-display":"","site-post-title":"","ast-breadcrumbs-content":"","ast-featured-img":"","footer-sml-layout":"","theme-transparent-header-meta":"default","adv-header-id-meta":"","stick-header-meta":"","header-above-stick-meta":"","header-main-stick-meta":"","header-below-stick-meta":""},"categories":[4],"tags":[61,62,59,60],"_links":{"self":[{"href":"https:\/\/www.elfrago.org\/index.php\/wp-json\/wp\/v2\/posts\/2653"}],"collection":[{"href":"https:\/\/www.elfrago.org\/index.php\/wp-json\/wp\/v2\/posts"}],"about":[{"href":"https:\/\/www.elfrago.org\/index.php\/wp-json\/wp\/v2\/types\/post"}],"author":[{"embeddable":true,"href":"https:\/\/www.elfrago.org\/index.php\/wp-json\/wp\/v2\/users\/4"}],"replies":[{"embeddable":true,"href":"https:\/\/www.elfrago.org\/index.php\/wp-json\/wp\/v2\/comments?post=2653"}],"version-history":[{"count":41,"href":"https:\/\/www.elfrago.org\/index.php\/wp-json\/wp\/v2\/posts\/2653\/revisions"}],"predecessor-version":[{"id":2788,"href":"https:\/\/www.elfrago.org\/index.php\/wp-json\/wp\/v2\/posts\/2653\/revisions\/2788"}],"wp:featuredmedia":[{"embeddable":true,"href":"https:\/\/www.elfrago.org\/index.php\/wp-json\/wp\/v2\/media\/2698"}],"wp:attachment":[{"href":"https:\/\/www.elfrago.org\/index.php\/wp-json\/wp\/v2\/media?parent=2653"}],"wp:term":[{"taxonomy":"category","embeddable":true,"href":"https:\/\/www.elfrago.org\/index.php\/wp-json\/wp\/v2\/categories?post=2653"},{"taxonomy":"post_tag","embeddable":true,"href":"https:\/\/www.elfrago.org\/index.php\/wp-json\/wp\/v2\/tags?post=2653"}],"curies":[{"name":"wp","href":"https:\/\/api.w.org\/{rel}","templated":true}]}}